{"id":16011,"date":"2025-03-19T14:28:58","date_gmt":"2025-03-19T18:28:58","guid":{"rendered":"https:\/\/www.fuerzalatinaservices.org\/?p=16011"},"modified":"2026-06-19T14:29:38","modified_gmt":"2026-06-19T18:29:38","slug":"la-perdida-de-la-ninez","status":"publish","type":"post","link":"https:\/\/www.fuerzalatinaservices.org\/es\/la-perdida-de-la-ninez\/","title":{"rendered":"La p\u00e9rdida de la ni\u00f1ez\u00a0"},"content":{"rendered":"<p class=\"wp-block-paragraph\">Los inmigrantes nunca tienen las mismas experiencias de la ni\u00f1ez. Nada se siente \u00abnormal\u00bb como inmigrante. Desde la manera de formar entablar nuevas amistades, o madurando r\u00e1pidamente. Por lo general eres visto como un marginado y te tratan diferente, no te ven como un ni\u00f1o cari\u00f1oso que quiere jugar y disfrutar; lamentablemente esa es la realidad.&nbsp;<\/p>\n\n\n\n<p class=\"wp-block-paragraph\">Las experiencias que tenemos durante nuestra infancia impactan nuestra adultez. La p\u00e9rdida de la ni\u00f1ez es como perder parte de tu alma, sin eso no podr\u00e1s desempe\u00f1ar un papel en la sociedad como los dem\u00e1s. Esto puede tener grandes consecuencias, ya que aumentan las probabilidades de padecer problemas de salud mental en el futuro, debido a la falta de amor y felicidad en la infancia.&nbsp;<\/p>\n\n\n\n<p class=\"wp-block-paragraph\">Sin embargo, la felicidad durante la infancia no es solo gracias a los amigos y a la diversi\u00f3n, ya que la familia es lo m\u00e1s importante. Lamentablemente, no todos los ni\u00f1os tienen una experiencia positiva en ese aspecto; puede ser por los problemas que vienen arraigados a la inmigraci\u00f3n, a la separaci\u00f3n de la familia o problemas personales. Por naturaleza, los humanos son ego\u00edstas, especialmente en las primeras etapas de nuestras vidas y esto puede llevar a causar resentimiento. Los ni\u00f1os inmigrantes sienten este ego\u00edsmo al alejarse de lo que han conocido como su \u00abhogar\u00bb, su falta de conocimiento autom\u00e1ticamente los lleva a culpar a sus padres por eso y sentir resentimiento hacia ellos. <s>La salud mental es impactada negativamente <\/s>Si no existe una buena relaci\u00f3n entre los ni\u00f1os y los padres, esto repercutir\u00e1 negativamente en la salud mental de los primeros.<\/p>\n\n\n\n<p class=\"wp-block-paragraph\">Sin embargo, hasta en los momentos m\u00e1s dif\u00edciles se puede encontrar esperanza y una salida. Aunque pueda parecer que la inmigraci\u00f3n solo causa pena, hay cosas buenas tambi\u00e9n. Por ejemplo, puedes desarrollar y perfeccionar tus habilidades sociales que sirven para tener \u00e9xito en tu carrera en el futuro, probablemente porque necesites ser traductor para tus padres y no tener el privilegio de que ellos te resuelvan tus problemas. Adem\u00e1s, los j\u00f3venes inmigrantes maduran m\u00e1s temprano que los j\u00f3venes que no lo son.&nbsp;<\/p>\n\n\n\n<p class=\"wp-block-paragraph\">Lamentablemente, no hay una \u00fanica soluci\u00f3n para este problema. La inmigraci\u00f3n es importante, ya sea por la seguridad, carrera profesional, educaci\u00f3n, etc\u00e9tera. Adem\u00e1s, no se puede cambiar la naturaleza humana y sus sentimientos. Sin embargo, hay algo que s\u00ed se puede hacer para ayudar a estos ni\u00f1os a vivir una ni\u00f1ez normal: Ac\u00e9ptalos, tr\u00e1talos como cualquier otra persona y ay\u00fadalos, porque al final, todos somos humanos.&nbsp;<\/p>\n\n\n\n<p class=\"wp-block-paragraph\"><strong>Juan Luis Martinez Arnaz<\/strong><\/p>","protected":false},"excerpt":{"rendered":"<p>Los inmigrantes nunca tienen las mismas experiencias de la ni\u00f1ez. Nada se siente \u00abnormal\u00bb como inmigrante. Desde la manera de formar entablar nuevas amistades, o madurando r\u00e1pidamente. Por lo general eres visto como un marginado y te tratan diferente, no te ven como un ni\u00f1o cari\u00f1oso que quiere jugar y disfrutar; lamentablemente esa es la [&hellip;]<\/p>\n","protected":false},"author":1,"featured_media":0,"comment_status":"closed","ping_status":"closed","sticky":false,"template":"","format":"standard","meta":{"_et_pb_use_builder":"off","_et_pb_old_content":"","_et_gb_content_width":"","footnotes":""},"categories":[78],"tags":[],"class_list":["post-16011","post","type-post","status-publish","format-standard","hentry","category-personal"],"aioseo_notices":[],"aioseo_head":"\n\t\t<!-- All in One SEO 5.0.1.1 - aioseo.com -->\n\t<meta name=\"description\" content=\"Los inmigrantes nunca tienen las mismas experiencias de la ni\u00f1ez. Nada se siente \u00abnormal\u00bb como inmigrante. Desde la manera de formar entablar nuevas amistades, o madurando r\u00e1pidamente. Por lo general eres visto como un marginado y te tratan diferente, no te ven como un ni\u00f1o cari\u00f1oso que quiere jugar y disfrutar; lamentablemente esa es la\" \/>\n\t<meta name=\"robots\" content=\"max-image-preview:large\" \/>\n\t<meta name=\"author\" content=\"fuerzalatina\"\/>\n\t<link rel=\"canonical\" href=\"https:\/\/www.fuerzalatinaservices.org\/es\/la-perdida-de-la-ninez\/\" \/>\n\t<meta name=\"generator\" content=\"All in One SEO (AIOSEO) 5.0.1.1\" \/>\n\t\t<meta property=\"og:locale\" content=\"es_ES\" \/>\n\t\t<meta property=\"og:site_name\" content=\"Fuerza Latina Community Services - Empowering Youth &amp; Families in Vaughan\" \/>\n\t\t<meta property=\"og:type\" content=\"article\" \/>\n\t\t<meta property=\"og:title\" content=\"La p\u00e9rdida de la ni\u00f1ez - Fuerza Latina Community Services\" \/>\n\t\t<meta property=\"og:description\" content=\"Los inmigrantes nunca tienen las mismas experiencias de la ni\u00f1ez. Nada se siente \u00abnormal\u00bb como inmigrante. Desde la manera de formar entablar nuevas amistades, o madurando r\u00e1pidamente. Por lo general eres visto como un marginado y te tratan diferente, no te ven como un ni\u00f1o cari\u00f1oso que quiere jugar y disfrutar; lamentablemente esa es la\" \/>\n\t\t<meta property=\"og:url\" content=\"https:\/\/www.fuerzalatinaservices.org\/es\/la-perdida-de-la-ninez\/\" \/>\n\t\t<meta property=\"og:image\" content=\"https:\/\/www.facebook.com\/photo\/?fbid=704647188361927&#038;set=a.560416666118314\" \/>\n\t\t<meta property=\"og:image:secure_url\" content=\"https:\/\/www.facebook.com\/photo\/?fbid=704647188361927&#038;set=a.560416666118314\" \/>\n\t\t<meta property=\"article:published_time\" content=\"2025-03-19T18:28:58+00:00\" \/>\n\t\t<meta property=\"article:modified_time\" content=\"2026-06-19T18:29:38+00:00\" \/>\n\t\t<meta property=\"article:publisher\" content=\"https:\/\/www.facebook.com\/fuerzalatinaservices\" \/>\n\t\t<meta name=\"twitter:card\" content=\"summary_large_image\" \/>\n\t\t<meta name=\"twitter:site\" content=\"@FuerzaLatinaCA\" \/>\n\t\t<meta name=\"twitter:title\" content=\"La p\u00e9rdida de la ni\u00f1ez - Fuerza Latina Community Services\" \/>\n\t\t<meta name=\"twitter:description\" content=\"Los inmigrantes nunca tienen las mismas experiencias de la ni\u00f1ez. Nada se siente \u00abnormal\u00bb como inmigrante. Desde la manera de formar entablar nuevas amistades, o madurando r\u00e1pidamente. Por lo general eres visto como un marginado y te tratan diferente, no te ven como un ni\u00f1o cari\u00f1oso que quiere jugar y disfrutar; lamentablemente esa es la\" \/>\n\t\t<meta name=\"twitter:creator\" content=\"@FuerzaLatinaCA\" \/>\n\t\t<meta name=\"twitter:image\" content=\"https:\/\/www.facebook.com\/photo\/?fbid=704647188361927&amp;set=a.560416666118314\" \/>\n\t\t<script type=\"application\/ld+json\" class=\"aioseo-schema\">\n\t\t\t{\"@context\":\"https:\\\/\\\/schema.org\",\"@graph\":[{\"@type\":\"BlogPosting\",\"@id\":\"https:\\\/\\\/www.fuerzalatinaservices.org\\\/es\\\/la-perdida-de-la-ninez\\\/#blogposting\",\"name\":\"La p\\u00e9rdida de la ni\\u00f1ez - Fuerza Latina Community Services\",\"headline\":\"La p\\u00e9rdida de la ni\\u00f1ez\\u00a0\",\"author\":{\"@id\":\"https:\\\/\\\/www.fuerzalatinaservices.org\\\/es\\\/author\\\/fuerzalatina\\\/#author\"},\"publisher\":{\"@id\":\"https:\\\/\\\/www.fuerzalatinaservices.org\\\/es\\\/#organization\"},\"image\":{\"@type\":\"ImageObject\",\"url\":\"https:\\\/\\\/www.facebook.com\\\/photo\\\/?fbid=704647188361927&set=a.560416666118314\",\"@id\":\"https:\\\/\\\/www.fuerzalatinaservices.org\\\/es\\\/#articleImage\"},\"datePublished\":\"2025-03-19T14:28:58-04:00\",\"dateModified\":\"2026-06-19T14:29:38-04:00\",\"inLanguage\":\"es-ES\",\"mainEntityOfPage\":{\"@id\":\"https:\\\/\\\/www.fuerzalatinaservices.org\\\/es\\\/la-perdida-de-la-ninez\\\/#webpage\"},\"isPartOf\":{\"@id\":\"https:\\\/\\\/www.fuerzalatinaservices.org\\\/es\\\/la-perdida-de-la-ninez\\\/#webpage\"},\"articleSection\":\"Personal\"},{\"@type\":\"BreadcrumbList\",\"@id\":\"https:\\\/\\\/www.fuerzalatinaservices.org\\\/es\\\/la-perdida-de-la-ninez\\\/#breadcrumblist\",\"itemListElement\":[{\"@type\":\"ListItem\",\"@id\":\"https:\\\/\\\/www.fuerzalatinaservices.org\\\/es#listItem\",\"position\":1,\"name\":\"Home\",\"item\":\"https:\\\/\\\/www.fuerzalatinaservices.org\\\/es\",\"nextItem\":{\"@type\":\"ListItem\",\"@id\":\"https:\\\/\\\/www.fuerzalatinaservices.org\\\/es\\\/category\\\/personal\\\/#listItem\",\"name\":\"Personal\"}},{\"@type\":\"ListItem\",\"@id\":\"https:\\\/\\\/www.fuerzalatinaservices.org\\\/es\\\/category\\\/personal\\\/#listItem\",\"position\":2,\"name\":\"Personal\",\"item\":\"https:\\\/\\\/www.fuerzalatinaservices.org\\\/es\\\/category\\\/personal\\\/\",\"nextItem\":{\"@type\":\"ListItem\",\"@id\":\"https:\\\/\\\/www.fuerzalatinaservices.org\\\/es\\\/la-perdida-de-la-ninez\\\/#listItem\",\"name\":\"La p\\u00e9rdida de la ni\\u00f1ez\\u00a0\"},\"previousItem\":{\"@type\":\"ListItem\",\"@id\":\"https:\\\/\\\/www.fuerzalatinaservices.org\\\/es#listItem\",\"name\":\"Home\"}},{\"@type\":\"ListItem\",\"@id\":\"https:\\\/\\\/www.fuerzalatinaservices.org\\\/es\\\/la-perdida-de-la-ninez\\\/#listItem\",\"position\":3,\"name\":\"La p\\u00e9rdida de la ni\\u00f1ez\\u00a0\",\"previousItem\":{\"@type\":\"ListItem\",\"@id\":\"https:\\\/\\\/www.fuerzalatinaservices.org\\\/es\\\/category\\\/personal\\\/#listItem\",\"name\":\"Personal\"}}]},{\"@type\":\"Organization\",\"@id\":\"https:\\\/\\\/www.fuerzalatinaservices.org\\\/es\\\/#organization\",\"name\":\"Fuerza Latina Community Services\",\"description\":\"Empowering Youth & Families in Vaughan\",\"url\":\"https:\\\/\\\/www.fuerzalatinaservices.org\\\/es\\\/\",\"telephone\":\"+16474047496\",\"logo\":{\"@type\":\"ImageObject\",\"url\":\"https:\\\/\\\/www.facebook.com\\\/photo\\\/?fbid=704647188361927&set=a.560416666118314\",\"@id\":\"https:\\\/\\\/www.fuerzalatinaservices.org\\\/es\\\/la-perdida-de-la-ninez\\\/#organizationLogo\"},\"image\":{\"@id\":\"https:\\\/\\\/www.fuerzalatinaservices.org\\\/es\\\/la-perdida-de-la-ninez\\\/#organizationLogo\"},\"sameAs\":[\"https:\\\/\\\/www.facebook.com\\\/fuerzalatinaservices\",\"https:\\\/\\\/twitter.com\\\/FuerzaLatinaCA\",\"https:\\\/\\\/www.instagram.com\\\/fuerzalatinacanada\\\/\"]},{\"@type\":\"Person\",\"@id\":\"https:\\\/\\\/www.fuerzalatinaservices.org\\\/es\\\/author\\\/fuerzalatina\\\/#author\",\"url\":\"https:\\\/\\\/www.fuerzalatinaservices.org\\\/es\\\/author\\\/fuerzalatina\\\/\",\"name\":\"fuerzalatina\"},{\"@type\":\"WebPage\",\"@id\":\"https:\\\/\\\/www.fuerzalatinaservices.org\\\/es\\\/la-perdida-de-la-ninez\\\/#webpage\",\"url\":\"https:\\\/\\\/www.fuerzalatinaservices.org\\\/es\\\/la-perdida-de-la-ninez\\\/\",\"name\":\"La p\\u00e9rdida de la ni\\u00f1ez - Fuerza Latina Community Services\",\"description\":\"Los inmigrantes nunca tienen las mismas experiencias de la ni\\u00f1ez. Nada se siente \\u00abnormal\\u00bb como inmigrante. Desde la manera de formar entablar nuevas amistades, o madurando r\\u00e1pidamente. Por lo general eres visto como un marginado y te tratan diferente, no te ven como un ni\\u00f1o cari\\u00f1oso que quiere jugar y disfrutar; lamentablemente esa es la\",\"inLanguage\":\"es-ES\",\"isPartOf\":{\"@id\":\"https:\\\/\\\/www.fuerzalatinaservices.org\\\/es\\\/#website\"},\"breadcrumb\":{\"@id\":\"https:\\\/\\\/www.fuerzalatinaservices.org\\\/es\\\/la-perdida-de-la-ninez\\\/#breadcrumblist\"},\"author\":{\"@id\":\"https:\\\/\\\/www.fuerzalatinaservices.org\\\/es\\\/author\\\/fuerzalatina\\\/#author\"},\"creator\":{\"@id\":\"https:\\\/\\\/www.fuerzalatinaservices.org\\\/es\\\/author\\\/fuerzalatina\\\/#author\"},\"datePublished\":\"2025-03-19T14:28:58-04:00\",\"dateModified\":\"2026-06-19T14:29:38-04:00\"},{\"@type\":\"WebSite\",\"@id\":\"https:\\\/\\\/www.fuerzalatinaservices.org\\\/es\\\/#website\",\"url\":\"https:\\\/\\\/www.fuerzalatinaservices.org\\\/es\\\/\",\"name\":\"Fuerza Latina Community Services\",\"alternateName\":\"Fuerza Latina\",\"description\":\"Empowering Youth & Families in Vaughan\",\"inLanguage\":\"es-ES\",\"publisher\":{\"@id\":\"https:\\\/\\\/www.fuerzalatinaservices.org\\\/es\\\/#organization\"}}]}\n\t\t<\/script>\n\t\t<!-- All in One SEO -->\n\n","aioseo_head_json":{"title":"La p\u00e9rdida de la ni\u00f1ez - Fuerza Latina Community Services","description":"Los inmigrantes nunca tienen las mismas experiencias de la ni\u00f1ez. Nada se siente \u00abnormal\u00bb como inmigrante. Desde la manera de formar entablar nuevas amistades, o madurando r\u00e1pidamente. Por lo general eres visto como un marginado y te tratan diferente, no te ven como un ni\u00f1o cari\u00f1oso que quiere jugar y disfrutar; lamentablemente esa es la","canonical_url":"https:\/\/www.fuerzalatinaservices.org\/es\/la-perdida-de-la-ninez\/","robots":"max-image-preview:large","keywords":"","webmasterTools":{"miscellaneous":""},"schema":{"@context":"https:\/\/schema.org","@graph":[{"@type":"BlogPosting","@id":"https:\/\/www.fuerzalatinaservices.org\/es\/la-perdida-de-la-ninez\/#blogposting","name":"La p\u00e9rdida de la ni\u00f1ez - Fuerza Latina Community Services","headline":"La p\u00e9rdida de la ni\u00f1ez\u00a0","author":{"@id":"https:\/\/www.fuerzalatinaservices.org\/es\/author\/fuerzalatina\/#author"},"publisher":{"@id":"https:\/\/www.fuerzalatinaservices.org\/es\/#organization"},"image":{"@type":"ImageObject","url":"https:\/\/www.facebook.com\/photo\/?fbid=704647188361927&set=a.560416666118314","@id":"https:\/\/www.fuerzalatinaservices.org\/es\/#articleImage"},"datePublished":"2025-03-19T14:28:58-04:00","dateModified":"2026-06-19T14:29:38-04:00","inLanguage":"es-ES","mainEntityOfPage":{"@id":"https:\/\/www.fuerzalatinaservices.org\/es\/la-perdida-de-la-ninez\/#webpage"},"isPartOf":{"@id":"https:\/\/www.fuerzalatinaservices.org\/es\/la-perdida-de-la-ninez\/#webpage"},"articleSection":"Personal"},{"@type":"BreadcrumbList","@id":"https:\/\/www.fuerzalatinaservices.org\/es\/la-perdida-de-la-ninez\/#breadcrumblist","itemListElement":[{"@type":"ListItem","@id":"https:\/\/www.fuerzalatinaservices.org\/es#listItem","position":1,"name":"Home","item":"https:\/\/www.fuerzalatinaservices.org\/es","nextItem":{"@type":"ListItem","@id":"https:\/\/www.fuerzalatinaservices.org\/es\/category\/personal\/#listItem","name":"Personal"}},{"@type":"ListItem","@id":"https:\/\/www.fuerzalatinaservices.org\/es\/category\/personal\/#listItem","position":2,"name":"Personal","item":"https:\/\/www.fuerzalatinaservices.org\/es\/category\/personal\/","nextItem":{"@type":"ListItem","@id":"https:\/\/www.fuerzalatinaservices.org\/es\/la-perdida-de-la-ninez\/#listItem","name":"La p\u00e9rdida de la ni\u00f1ez\u00a0"},"previousItem":{"@type":"ListItem","@id":"https:\/\/www.fuerzalatinaservices.org\/es#listItem","name":"Home"}},{"@type":"ListItem","@id":"https:\/\/www.fuerzalatinaservices.org\/es\/la-perdida-de-la-ninez\/#listItem","position":3,"name":"La p\u00e9rdida de la ni\u00f1ez\u00a0","previousItem":{"@type":"ListItem","@id":"https:\/\/www.fuerzalatinaservices.org\/es\/category\/personal\/#listItem","name":"Personal"}}]},{"@type":"Organization","@id":"https:\/\/www.fuerzalatinaservices.org\/es\/#organization","name":"Fuerza Latina Community Services","description":"Empowering Youth & Families in Vaughan","url":"https:\/\/www.fuerzalatinaservices.org\/es\/","telephone":"+16474047496","logo":{"@type":"ImageObject","url":"https:\/\/www.facebook.com\/photo\/?fbid=704647188361927&set=a.560416666118314","@id":"https:\/\/www.fuerzalatinaservices.org\/es\/la-perdida-de-la-ninez\/#organizationLogo"},"image":{"@id":"https:\/\/www.fuerzalatinaservices.org\/es\/la-perdida-de-la-ninez\/#organizationLogo"},"sameAs":["https:\/\/www.facebook.com\/fuerzalatinaservices","https:\/\/twitter.com\/FuerzaLatinaCA","https:\/\/www.instagram.com\/fuerzalatinacanada\/"]},{"@type":"Person","@id":"https:\/\/www.fuerzalatinaservices.org\/es\/author\/fuerzalatina\/#author","url":"https:\/\/www.fuerzalatinaservices.org\/es\/author\/fuerzalatina\/","name":"fuerzalatina"},{"@type":"WebPage","@id":"https:\/\/www.fuerzalatinaservices.org\/es\/la-perdida-de-la-ninez\/#webpage","url":"https:\/\/www.fuerzalatinaservices.org\/es\/la-perdida-de-la-ninez\/","name":"La p\u00e9rdida de la ni\u00f1ez - Fuerza Latina Community Services","description":"Los inmigrantes nunca tienen las mismas experiencias de la ni\u00f1ez. Nada se siente \u00abnormal\u00bb como inmigrante. Desde la manera de formar entablar nuevas amistades, o madurando r\u00e1pidamente. Por lo general eres visto como un marginado y te tratan diferente, no te ven como un ni\u00f1o cari\u00f1oso que quiere jugar y disfrutar; lamentablemente esa es la","inLanguage":"es-ES","isPartOf":{"@id":"https:\/\/www.fuerzalatinaservices.org\/es\/#website"},"breadcrumb":{"@id":"https:\/\/www.fuerzalatinaservices.org\/es\/la-perdida-de-la-ninez\/#breadcrumblist"},"author":{"@id":"https:\/\/www.fuerzalatinaservices.org\/es\/author\/fuerzalatina\/#author"},"creator":{"@id":"https:\/\/www.fuerzalatinaservices.org\/es\/author\/fuerzalatina\/#author"},"datePublished":"2025-03-19T14:28:58-04:00","dateModified":"2026-06-19T14:29:38-04:00"},{"@type":"WebSite","@id":"https:\/\/www.fuerzalatinaservices.org\/es\/#website","url":"https:\/\/www.fuerzalatinaservices.org\/es\/","name":"Fuerza Latina Community Services","alternateName":"Fuerza Latina","description":"Empowering Youth & Families in Vaughan","inLanguage":"es-ES","publisher":{"@id":"https:\/\/www.fuerzalatinaservices.org\/es\/#organization"}}]},"og:locale":"es_ES","og:site_name":"Fuerza Latina Community Services - Empowering Youth &amp; Families in Vaughan","og:type":"article","og:title":"La p\u00e9rdida de la ni\u00f1ez - Fuerza Latina Community Services","og:description":"Los inmigrantes nunca tienen las mismas experiencias de la ni\u00f1ez. Nada se siente \u00abnormal\u00bb como inmigrante. Desde la manera de formar entablar nuevas amistades, o madurando r\u00e1pidamente. Por lo general eres visto como un marginado y te tratan diferente, no te ven como un ni\u00f1o cari\u00f1oso que quiere jugar y disfrutar; lamentablemente esa es la","og:url":"https:\/\/www.fuerzalatinaservices.org\/es\/la-perdida-de-la-ninez\/","og:image":"https:\/\/www.facebook.com\/photo\/?fbid=704647188361927&#038;set=a.560416666118314","og:image:secure_url":"https:\/\/www.facebook.com\/photo\/?fbid=704647188361927&#038;set=a.560416666118314","article:published_time":"2025-03-19T18:28:58+00:00","article:modified_time":"2026-06-19T18:29:38+00:00","article:publisher":"https:\/\/www.facebook.com\/fuerzalatinaservices","twitter:card":"summary_large_image","twitter:site":"@FuerzaLatinaCA","twitter:title":"La p\u00e9rdida de la ni\u00f1ez - Fuerza Latina Community Services","twitter:description":"Los inmigrantes nunca tienen las mismas experiencias de la ni\u00f1ez. Nada se siente \u00abnormal\u00bb como inmigrante. Desde la manera de formar entablar nuevas amistades, o madurando r\u00e1pidamente. Por lo general eres visto como un marginado y te tratan diferente, no te ven como un ni\u00f1o cari\u00f1oso que quiere jugar y disfrutar; lamentablemente esa es la","twitter:creator":"@FuerzaLatinaCA","twitter:image":"https:\/\/www.facebook.com\/photo\/?fbid=704647188361927&set=a.560416666118314"},"aioseo_meta_data":{"post_id":"16011","title":"#post_title #separator_sa #site_title","description":"#post_excerpt","keywords":null,"keyphrases":{"focus":{"keyphrase":"","score":0,"analysis":{"keyphraseInTitle":{"score":0,"maxScore":9,"error":1}}},"additional":[]},"primary_term":null,"canonical_url":null,"og_title":null,"og_description":null,"og_object_type":"default","og_image_type":"default","og_image_url":null,"og_image_width":null,"og_image_height":null,"og_image_custom_url":null,"og_image_custom_fields":null,"og_video":"","og_custom_url":null,"og_article_section":null,"og_article_tags":null,"twitter_use_og":false,"twitter_card":"default","twitter_image_type":"default","twitter_image_url":null,"twitter_image_custom_url":null,"twitter_image_custom_fields":null,"twitter_title":null,"twitter_description":null,"schema":{"blockGraphs":[],"customGraphs":[],"default":{"data":{"Article":[],"Course":[],"Dataset":[],"FAQPage":[],"Movie":[],"Person":[],"Product":[],"ProductReview":[],"Car":[],"Recipe":[],"Service":[],"SoftwareApplication":[],"WebPage":[]},"graphName":"BlogPosting","isEnabled":true},"graphs":[]},"schema_type":"default","schema_type_options":null,"pillar_content":false,"robots_default":true,"robots_noindex":false,"robots_noarchive":false,"robots_nosnippet":false,"robots_nofollow":false,"robots_noimageindex":false,"robots_noodp":false,"robots_notranslate":false,"robots_max_snippet":"-1","robots_max_videopreview":"-1","robots_max_imagepreview":"large","priority":null,"frequency":"default","local_seo":null,"breadcrumb_settings":null,"limit_modified_date":false,"ai":null,"created":"2025-03-19 18:29:01","updated":"2026-06-19 18:46:34","seo_analyzer_scan_date":null,"focus_keyword":null,"additional_keywords":null,"truseo_locale":null},"aioseo_breadcrumb":"<div class=\"aioseo-breadcrumbs\"><span class=\"aioseo-breadcrumb\">\n\t\t\t<a href=\"https:\/\/www.fuerzalatinaservices.org\/es\" title=\"Home\">Home<\/a>\n\t\t<\/span><span class=\"aioseo-breadcrumb-separator\">&raquo;<\/span><span class=\"aioseo-breadcrumb\">\n\t\t\t<a href=\"https:\/\/www.fuerzalatinaservices.org\/es\/category\/personal\/\" title=\"Personal\">Personal<\/a>\n\t\t<\/span><span class=\"aioseo-breadcrumb-separator\">&raquo;<\/span><span class=\"aioseo-breadcrumb\">\n\t\t\tLa p\u00e9rdida de la ni\u00f1ez \n\t\t<\/span><\/div>","aioseo_breadcrumb_json":[{"label":"Home","link":"https:\/\/www.fuerzalatinaservices.org\/es"},{"label":"Personal","link":"https:\/\/www.fuerzalatinaservices.org\/es\/category\/personal\/"},{"label":"La p\u00e9rdida de la ni\u00f1ez\u00a0","link":"https:\/\/www.fuerzalatinaservices.org\/es\/la-perdida-de-la-ninez\/"}],"_links":{"self":[{"href":"https:\/\/www.fuerzalatinaservices.org\/es\/wp-json\/wp\/v2\/posts\/16011","targetHints":{"allow":["GET"]}}],"collection":[{"href":"https:\/\/www.fuerzalatinaservices.org\/es\/wp-json\/wp\/v2\/posts"}],"about":[{"href":"https:\/\/www.fuerzalatinaservices.org\/es\/wp-json\/wp\/v2\/types\/post"}],"author":[{"embeddable":true,"href":"https:\/\/www.fuerzalatinaservices.org\/es\/wp-json\/wp\/v2\/users\/1"}],"replies":[{"embeddable":true,"href":"https:\/\/www.fuerzalatinaservices.org\/es\/wp-json\/wp\/v2\/comments?post=16011"}],"version-history":[{"count":1,"href":"https:\/\/www.fuerzalatinaservices.org\/es\/wp-json\/wp\/v2\/posts\/16011\/revisions"}],"predecessor-version":[{"id":16012,"href":"https:\/\/www.fuerzalatinaservices.org\/es\/wp-json\/wp\/v2\/posts\/16011\/revisions\/16012"}],"wp:attachment":[{"href":"https:\/\/www.fuerzalatinaservices.org\/es\/wp-json\/wp\/v2\/media?parent=16011"}],"wp:term":[{"taxonomy":"category","embeddable":true,"href":"https:\/\/www.fuerzalatinaservices.org\/es\/wp-json\/wp\/v2\/categories?post=16011"},{"taxonomy":"post_tag","embeddable":true,"href":"https:\/\/www.fuerzalatinaservices.org\/es\/wp-json\/wp\/v2\/tags?post=16011"}],"curies":[{"name":"wp","href":"https:\/\/api.w.org\/{rel}","templated":true}]}}